{"id":1,"date":"2023-08-15T20:29:15","date_gmt":"2023-08-15T20:29:15","guid":{"rendered":"https:\/\/juanesosaba.com\/?p=1"},"modified":"2023-08-15T22:58:53","modified_gmt":"2023-08-15T22:58:53","slug":"hello-world","status":"publish","type":"post","link":"https:\/\/juanesosaba.com\/index.php\/2023\/08\/15\/hello-world\/","title":{"rendered":"JAVIER MILEI FUE EL CANDIDATO M\u00c1S VOTADO EN LAS PASO"},"content":{"rendered":"\n<p>El l\u00edder de la Libertad Avanza obtuvo m\u00e1s del 30% de los votos en las PASO. Massa fue el segundo candidato m\u00e1s votado, seguido de Patricia Bullrich que le gan\u00f3 la interna a Rodr\u00edguez Larreta.<\/p>\n\n\n\n<p>En 16 provincias, gan\u00f3\u00a0<strong>La Libertad Avanza<\/strong>\u00a0a nivel nacional, inclusive en<strong>\u00a0Santa Cruz<\/strong>, donde el peronismo se encamina a ganar la elecci\u00f3n provincial para gobernador.<\/p>\n\n\n\n<p>En la categor\u00eda para senador de la Ciudad de La Plata, el candidato Juanes Osaba obtuvo 69.035 votos. <\/p>\n","protected":false},"excerpt":{"rendered":"<p>El l\u00edder de la Libertad Avanza obtuvo m\u00e1s del 30% de los votos en las PASO. Massa fue el segundo candidato m\u00e1s votado, seguido de Patricia Bullrich que le gan\u00f3 la interna a Rodr\u00edguez Larreta. En 16 provincias, gan\u00f3\u00a0La Libertad Avanza\u00a0a nivel nacional, inclusive en\u00a0Santa Cruz, donde el peronismo se encamina a ganar la elecci\u00f3n provincial para gobernador. En la [&hellip;]<\/p>\n","protected":false},"author":1,"featured_media":74,"comment_status":"open","ping_status":"open","sticky":false,"template":"","format":"standard","meta":{"_kadence_starter_templates_imported_post":false,"footnotes":""},"categories":[1],"tags":[],"class_list":["post-1","post","type-post","status-publish","format-standard","has-post-thumbnail","hentry","category-blog"],"yoast_head":"<!-- This site is optimized with the Yoast SEO plugin v22.3 - https:\/\/yoast.com\/wordpress\/plugins\/seo\/ -->\n<title>JAVIER MILEI FUE EL CANDIDATO M\u00c1S VOTADO EN LAS PASO - Juanes Osaba<\/title>\n<meta name=\"robots\" content=\"index, follow, max-snippet:-1, max-image-preview:large, max-video-preview:-1\" \/>\n<link rel=\"canonical\" href=\"https:\/\/juanesosaba.com\/index.php\/2023\/08\/15\/hello-world\/\" \/>\n<meta property=\"og:locale\" content=\"es_ES\" \/>\n<meta property=\"og:type\" content=\"article\" \/>\n<meta property=\"og:title\" content=\"JAVIER MILEI FUE EL CANDIDATO M\u00c1S VOTADO EN LAS PASO - Juanes Osaba\" \/>\n<meta property=\"og:description\" content=\"El l\u00edder de la Libertad Avanza obtuvo m\u00e1s del 30% de los votos en las PASO. Massa fue el segundo candidato m\u00e1s votado, seguido de Patricia Bullrich que le gan\u00f3 la interna a Rodr\u00edguez Larreta. En 16 provincias, gan\u00f3\u00a0La Libertad Avanza\u00a0a nivel nacional, inclusive en\u00a0Santa Cruz, donde el peronismo se encamina a ganar la elecci\u00f3n provincial para gobernador. En la [&hellip;]\" \/>\n<meta property=\"og:url\" content=\"https:\/\/juanesosaba.com\/index.php\/2023\/08\/15\/hello-world\/\" \/>\n<meta property=\"og:site_name\" content=\"Juanes Osaba\" \/>\n<meta property=\"article:published_time\" content=\"2023-08-15T20:29:15+00:00\" \/>\n<meta property=\"article:modified_time\" content=\"2023-08-15T22:58:53+00:00\" \/>\n<meta property=\"og:image\" content=\"https:\/\/juanesosaba.com\/wp-content\/uploads\/2023\/08\/Festejo-Milei-Bunker.webp\" \/>\n\t<meta property=\"og:image:width\" content=\"1280\" \/>\n\t<meta property=\"og:image:height\" content=\"720\" \/>\n\t<meta property=\"og:image:type\" content=\"image\/webp\" \/>\n<meta name=\"author\" content=\"lojomatias\" \/>\n<meta name=\"twitter:card\" content=\"summary_large_image\" \/>\n<meta name=\"twitter:label1\" content=\"Escrito por\" \/>\n\t<meta name=\"twitter:data1\" content=\"lojomatias\" \/>\n<script type=\"application\/ld+json\" class=\"yoast-schema-graph\">{\"@context\":\"https:\/\/schema.org\",\"@graph\":[{\"@type\":\"Article\",\"@id\":\"https:\/\/juanesosaba.com\/index.php\/2023\/08\/15\/hello-world\/#article\",\"isPartOf\":{\"@id\":\"https:\/\/juanesosaba.com\/index.php\/2023\/08\/15\/hello-world\/\"},\"author\":{\"name\":\"lojomatias\",\"@id\":\"https:\/\/juanesosaba.com\/#\/schema\/person\/faa77f1592177cb4a66d622f16f08c19\"},\"headline\":\"JAVIER MILEI FUE EL CANDIDATO M\u00c1S VOTADO EN LAS PASO\",\"datePublished\":\"2023-08-15T20:29:15+00:00\",\"dateModified\":\"2023-08-15T22:58:53+00:00\",\"mainEntityOfPage\":{\"@id\":\"https:\/\/juanesosaba.com\/index.php\/2023\/08\/15\/hello-world\/\"},\"wordCount\":93,\"commentCount\":1,\"publisher\":{\"@id\":\"https:\/\/juanesosaba.com\/#organization\"},\"image\":{\"@id\":\"https:\/\/juanesosaba.com\/index.php\/2023\/08\/15\/hello-world\/#primaryimage\"},\"thumbnailUrl\":\"https:\/\/juanesosaba.com\/wp-content\/uploads\/2023\/08\/Festejo-Milei-Bunker.webp\",\"articleSection\":[\"Blog\"],\"inLanguage\":\"es-AR\",\"potentialAction\":[{\"@type\":\"CommentAction\",\"name\":\"Comment\",\"target\":[\"https:\/\/juanesosaba.com\/index.php\/2023\/08\/15\/hello-world\/#respond\"]}]},{\"@type\":\"WebPage\",\"@id\":\"https:\/\/juanesosaba.com\/index.php\/2023\/08\/15\/hello-world\/\",\"url\":\"https:\/\/juanesosaba.com\/index.php\/2023\/08\/15\/hello-world\/\",\"name\":\"JAVIER MILEI FUE EL CANDIDATO M\u00c1S VOTADO EN LAS PASO - Juanes Osaba\",\"isPartOf\":{\"@id\":\"https:\/\/juanesosaba.com\/#website\"},\"primaryImageOfPage\":{\"@id\":\"https:\/\/juanesosaba.com\/index.php\/2023\/08\/15\/hello-world\/#primaryimage\"},\"image\":{\"@id\":\"https:\/\/juanesosaba.com\/index.php\/2023\/08\/15\/hello-world\/#primaryimage\"},\"thumbnailUrl\":\"https:\/\/juanesosaba.com\/wp-content\/uploads\/2023\/08\/Festejo-Milei-Bunker.webp\",\"datePublished\":\"2023-08-15T20:29:15+00:00\",\"dateModified\":\"2023-08-15T22:58:53+00:00\",\"breadcrumb\":{\"@id\":\"https:\/\/juanesosaba.com\/index.php\/2023\/08\/15\/hello-world\/#breadcrumb\"},\"inLanguage\":\"es-AR\",\"potentialAction\":[{\"@type\":\"ReadAction\",\"target\":[\"https:\/\/juanesosaba.com\/index.php\/2023\/08\/15\/hello-world\/\"]}]},{\"@type\":\"ImageObject\",\"inLanguage\":\"es-AR\",\"@id\":\"https:\/\/juanesosaba.com\/index.php\/2023\/08\/15\/hello-world\/#primaryimage\",\"url\":\"https:\/\/juanesosaba.com\/wp-content\/uploads\/2023\/08\/Festejo-Milei-Bunker.webp\",\"contentUrl\":\"https:\/\/juanesosaba.com\/wp-content\/uploads\/2023\/08\/Festejo-Milei-Bunker.webp\",\"width\":1280,\"height\":720},{\"@type\":\"BreadcrumbList\",\"@id\":\"https:\/\/juanesosaba.com\/index.php\/2023\/08\/15\/hello-world\/#breadcrumb\",\"itemListElement\":[{\"@type\":\"ListItem\",\"position\":1,\"name\":\"Inicio\",\"item\":\"https:\/\/juanesosaba.com\/\"},{\"@type\":\"ListItem\",\"position\":2,\"name\":\"JAVIER MILEI FUE EL CANDIDATO M\u00c1S VOTADO EN LAS PASO\"}]},{\"@type\":\"WebSite\",\"@id\":\"https:\/\/juanesosaba.com\/#website\",\"url\":\"https:\/\/juanesosaba.com\/\",\"name\":\"Juanes Osaba\",\"description\":\"Diputado Provincial - La Plata\",\"publisher\":{\"@id\":\"https:\/\/juanesosaba.com\/#organization\"},\"potentialAction\":[{\"@type\":\"SearchAction\",\"target\":{\"@type\":\"EntryPoint\",\"urlTemplate\":\"https:\/\/juanesosaba.com\/?s={search_term_string}\"},\"query-input\":\"required name=search_term_string\"}],\"inLanguage\":\"es-AR\"},{\"@type\":\"Organization\",\"@id\":\"https:\/\/juanesosaba.com\/#organization\",\"name\":\"Juanes Osaba\",\"url\":\"https:\/\/juanesosaba.com\/\",\"logo\":{\"@type\":\"ImageObject\",\"inLanguage\":\"es-AR\",\"@id\":\"https:\/\/juanesosaba.com\/#\/schema\/logo\/image\/\",\"url\":\"https:\/\/juanesosaba.com\/wp-content\/uploads\/2025\/07\/cropped-banner-osaba-2-1.png\",\"contentUrl\":\"https:\/\/juanesosaba.com\/wp-content\/uploads\/2025\/07\/cropped-banner-osaba-2-1.png\",\"width\":1584,\"height\":188,\"caption\":\"Juanes Osaba\"},\"image\":{\"@id\":\"https:\/\/juanesosaba.com\/#\/schema\/logo\/image\/\"}},{\"@type\":\"Person\",\"@id\":\"https:\/\/juanesosaba.com\/#\/schema\/person\/faa77f1592177cb4a66d622f16f08c19\",\"name\":\"lojomatias\",\"image\":{\"@type\":\"ImageObject\",\"inLanguage\":\"es-AR\",\"@id\":\"https:\/\/juanesosaba.com\/#\/schema\/person\/image\/\",\"url\":\"https:\/\/secure.gravatar.com\/avatar\/8d8ebc2229cd68964c0cc69f0efd42442cd5e726517d49da471895e0a4befbbf?s=96&d=mm&r=g\",\"contentUrl\":\"https:\/\/secure.gravatar.com\/avatar\/8d8ebc2229cd68964c0cc69f0efd42442cd5e726517d49da471895e0a4befbbf?s=96&d=mm&r=g\",\"caption\":\"lojomatias\"},\"sameAs\":[\"https:\/\/juanesosaba.com\"],\"url\":\"https:\/\/juanesosaba.com\/index.php\/author\/lojomatias\/\"}]}<\/script>\n<!-- \/ Yoast SEO plugin. -->","yoast_head_json":{"title":"JAVIER MILEI FUE EL CANDIDATO M\u00c1S VOTADO EN LAS PASO - Juanes Osaba","robots":{"index":"index","follow":"follow","max-snippet":"max-snippet:-1","max-image-preview":"max-image-preview:large","max-video-preview":"max-video-preview:-1"},"canonical":"https:\/\/juanesosaba.com\/index.php\/2023\/08\/15\/hello-world\/","og_locale":"es_ES","og_type":"article","og_title":"JAVIER MILEI FUE EL CANDIDATO M\u00c1S VOTADO EN LAS PASO - Juanes Osaba","og_description":"El l\u00edder de la Libertad Avanza obtuvo m\u00e1s del 30% de los votos en las PASO. Massa fue el segundo candidato m\u00e1s votado, seguido de Patricia Bullrich que le gan\u00f3 la interna a Rodr\u00edguez Larreta. En 16 provincias, gan\u00f3\u00a0La Libertad Avanza\u00a0a nivel nacional, inclusive en\u00a0Santa Cruz, donde el peronismo se encamina a ganar la elecci\u00f3n provincial para gobernador. En la [&hellip;]","og_url":"https:\/\/juanesosaba.com\/index.php\/2023\/08\/15\/hello-world\/","og_site_name":"Juanes Osaba","article_published_time":"2023-08-15T20:29:15+00:00","article_modified_time":"2023-08-15T22:58:53+00:00","og_image":[{"width":1280,"height":720,"url":"https:\/\/juanesosaba.com\/wp-content\/uploads\/2023\/08\/Festejo-Milei-Bunker.webp","type":"image\/webp"}],"author":"lojomatias","twitter_card":"summary_large_image","twitter_misc":{"Escrito por":"lojomatias"},"schema":{"@context":"https:\/\/schema.org","@graph":[{"@type":"Article","@id":"https:\/\/juanesosaba.com\/index.php\/2023\/08\/15\/hello-world\/#article","isPartOf":{"@id":"https:\/\/juanesosaba.com\/index.php\/2023\/08\/15\/hello-world\/"},"author":{"name":"lojomatias","@id":"https:\/\/juanesosaba.com\/#\/schema\/person\/faa77f1592177cb4a66d622f16f08c19"},"headline":"JAVIER MILEI FUE EL CANDIDATO M\u00c1S VOTADO EN LAS PASO","datePublished":"2023-08-15T20:29:15+00:00","dateModified":"2023-08-15T22:58:53+00:00","mainEntityOfPage":{"@id":"https:\/\/juanesosaba.com\/index.php\/2023\/08\/15\/hello-world\/"},"wordCount":93,"commentCount":1,"publisher":{"@id":"https:\/\/juanesosaba.com\/#organization"},"image":{"@id":"https:\/\/juanesosaba.com\/index.php\/2023\/08\/15\/hello-world\/#primaryimage"},"thumbnailUrl":"https:\/\/juanesosaba.com\/wp-content\/uploads\/2023\/08\/Festejo-Milei-Bunker.webp","articleSection":["Blog"],"inLanguage":"es-AR","potentialAction":[{"@type":"CommentAction","name":"Comment","target":["https:\/\/juanesosaba.com\/index.php\/2023\/08\/15\/hello-world\/#respond"]}]},{"@type":"WebPage","@id":"https:\/\/juanesosaba.com\/index.php\/2023\/08\/15\/hello-world\/","url":"https:\/\/juanesosaba.com\/index.php\/2023\/08\/15\/hello-world\/","name":"JAVIER MILEI FUE EL CANDIDATO M\u00c1S VOTADO EN LAS PASO - Juanes Osaba","isPartOf":{"@id":"https:\/\/juanesosaba.com\/#website"},"primaryImageOfPage":{"@id":"https:\/\/juanesosaba.com\/index.php\/2023\/08\/15\/hello-world\/#primaryimage"},"image":{"@id":"https:\/\/juanesosaba.com\/index.php\/2023\/08\/15\/hello-world\/#primaryimage"},"thumbnailUrl":"https:\/\/juanesosaba.com\/wp-content\/uploads\/2023\/08\/Festejo-Milei-Bunker.webp","datePublished":"2023-08-15T20:29:15+00:00","dateModified":"2023-08-15T22:58:53+00:00","breadcrumb":{"@id":"https:\/\/juanesosaba.com\/index.php\/2023\/08\/15\/hello-world\/#breadcrumb"},"inLanguage":"es-AR","potentialAction":[{"@type":"ReadAction","target":["https:\/\/juanesosaba.com\/index.php\/2023\/08\/15\/hello-world\/"]}]},{"@type":"ImageObject","inLanguage":"es-AR","@id":"https:\/\/juanesosaba.com\/index.php\/2023\/08\/15\/hello-world\/#primaryimage","url":"https:\/\/juanesosaba.com\/wp-content\/uploads\/2023\/08\/Festejo-Milei-Bunker.webp","contentUrl":"https:\/\/juanesosaba.com\/wp-content\/uploads\/2023\/08\/Festejo-Milei-Bunker.webp","width":1280,"height":720},{"@type":"BreadcrumbList","@id":"https:\/\/juanesosaba.com\/index.php\/2023\/08\/15\/hello-world\/#breadcrumb","itemListElement":[{"@type":"ListItem","position":1,"name":"Inicio","item":"https:\/\/juanesosaba.com\/"},{"@type":"ListItem","position":2,"name":"JAVIER MILEI FUE EL CANDIDATO M\u00c1S VOTADO EN LAS PASO"}]},{"@type":"WebSite","@id":"https:\/\/juanesosaba.com\/#website","url":"https:\/\/juanesosaba.com\/","name":"Juanes Osaba","description":"Diputado Provincial - La Plata","publisher":{"@id":"https:\/\/juanesosaba.com\/#organization"},"potentialAction":[{"@type":"SearchAction","target":{"@type":"EntryPoint","urlTemplate":"https:\/\/juanesosaba.com\/?s={search_term_string}"},"query-input":"required name=search_term_string"}],"inLanguage":"es-AR"},{"@type":"Organization","@id":"https:\/\/juanesosaba.com\/#organization","name":"Juanes Osaba","url":"https:\/\/juanesosaba.com\/","logo":{"@type":"ImageObject","inLanguage":"es-AR","@id":"https:\/\/juanesosaba.com\/#\/schema\/logo\/image\/","url":"https:\/\/juanesosaba.com\/wp-content\/uploads\/2025\/07\/cropped-banner-osaba-2-1.png","contentUrl":"https:\/\/juanesosaba.com\/wp-content\/uploads\/2025\/07\/cropped-banner-osaba-2-1.png","width":1584,"height":188,"caption":"Juanes Osaba"},"image":{"@id":"https:\/\/juanesosaba.com\/#\/schema\/logo\/image\/"}},{"@type":"Person","@id":"https:\/\/juanesosaba.com\/#\/schema\/person\/faa77f1592177cb4a66d622f16f08c19","name":"lojomatias","image":{"@type":"ImageObject","inLanguage":"es-AR","@id":"https:\/\/juanesosaba.com\/#\/schema\/person\/image\/","url":"https:\/\/secure.gravatar.com\/avatar\/8d8ebc2229cd68964c0cc69f0efd42442cd5e726517d49da471895e0a4befbbf?s=96&d=mm&r=g","contentUrl":"https:\/\/secure.gravatar.com\/avatar\/8d8ebc2229cd68964c0cc69f0efd42442cd5e726517d49da471895e0a4befbbf?s=96&d=mm&r=g","caption":"lojomatias"},"sameAs":["https:\/\/juanesosaba.com"],"url":"https:\/\/juanesosaba.com\/index.php\/author\/lojomatias\/"}]}},"_links":{"self":[{"href":"https:\/\/juanesosaba.com\/index.php\/wp-json\/wp\/v2\/posts\/1","targetHints":{"allow":["GET"]}}],"collection":[{"href":"https:\/\/juanesosaba.com\/index.php\/wp-json\/wp\/v2\/posts"}],"about":[{"href":"https:\/\/juanesosaba.com\/index.php\/wp-json\/wp\/v2\/types\/post"}],"author":[{"embeddable":true,"href":"https:\/\/juanesosaba.com\/index.php\/wp-json\/wp\/v2\/users\/1"}],"replies":[{"embeddable":true,"href":"https:\/\/juanesosaba.com\/index.php\/wp-json\/wp\/v2\/comments?post=1"}],"version-history":[{"count":1,"href":"https:\/\/juanesosaba.com\/index.php\/wp-json\/wp\/v2\/posts\/1\/revisions"}],"predecessor-version":[{"id":72,"href":"https:\/\/juanesosaba.com\/index.php\/wp-json\/wp\/v2\/posts\/1\/revisions\/72"}],"wp:featuredmedia":[{"embeddable":true,"href":"https:\/\/juanesosaba.com\/index.php\/wp-json\/wp\/v2\/media\/74"}],"wp:attachment":[{"href":"https:\/\/juanesosaba.com\/index.php\/wp-json\/wp\/v2\/media?parent=1"}],"wp:term":[{"taxonomy":"category","embeddable":true,"href":"https:\/\/juanesosaba.com\/index.php\/wp-json\/wp\/v2\/categories?post=1"},{"taxonomy":"post_tag","embeddable":true,"href":"https:\/\/juanesosaba.com\/index.php\/wp-json\/wp\/v2\/tags?post=1"}],"curies":[{"name":"wp","href":"https:\/\/api.w.org\/{rel}","templated":true}]}}